{"id":25816,"date":"2024-02-02T11:28:11","date_gmt":"2024-02-02T08:28:11","guid":{"rendered":"https:\/\/www.mofa-ye.org\/Pages\/?p=25816"},"modified":"2024-02-04T11:29:46","modified_gmt":"2024-02-04T08:29:46","slug":"foreign-minister-discusses-mutual-relations-with-hungarian-counterpart","status":"publish","type":"post","link":"https:\/\/www.mofa-ye.org\/Pages\/25816\/","title":{"rendered":"Foreign Minister discusses mutual relations with Hungarian counterpart"},"content":{"rendered":"<p>BRUSSELS-SABA<br \/>\nMinister of Foreign and Expatriate Affairs Ahmad BinMubarak discussed Friday with Foreign Minister of Hungary P\u00e9ter Szijj\u00e1rt\u00f3 mutual relations between the two countries.<\/p>\n<p>The two parties discussed latest developments in Yemen and the region and international plans to designate Houthi militia a terrorist organization.<\/p>\n<p>In the meeting held on the sidelines of the EU Indo-Pacific Ministerial Forum here, the two parties discussed issues of common concern.<\/p>\n","protected":false},"excerpt":{"rendered":"<p>BRUSSELS-SABA Minister of Foreign and Expatriate Affairs Ahmad BinMubarak discussed Friday with Foreign Minister of Hungary P\u00e9ter Szijj\u00e1rt\u00f3 mutual relations between the two countries. The two parties discussed latest developments in Yemen and the region and international plans to designate Houthi militia a terrorist organization. In the meeting held on the sidelines of the EU &hellip;<\/p>\n","protected":false},"author":8,"featured_media":25817,"comment_status":"closed","ping_status":"closed","sticky":false,"template":"","format":"standard","meta":{"_acf_changed":false,"_jetpack_memberships_contains_paid_content":false,"footnotes":"","jetpack_publicize_message":"","jetpack_publicize_feature_enabled":true,"jetpack_social_post_already_shared":true,"jetpack_social_options":{"image_generator_settings":{"template":"highway","default_image_id":0,"font":"","enabled":false},"version":2}},"categories":[74,60],"tags":[],"class_list":["post-25816","post","type-post","status-publish","format-standard","has-post-thumbnail","","category-breaking-news","category-ministry-news"],"acf":[],"jetpack_publicize_connections":[],"jetpack_featured_media_url":"https:\/\/www.mofa-ye.org\/Pages\/wp-content\/uploads\/2024\/02\/170688959510571950.jpg","jetpack_sharing_enabled":true,"_links":{"self":[{"href":"https:\/\/www.mofa-ye.org\/Pages\/wp-json\/wp\/v2\/posts\/25816","targetHints":{"allow":["GET"]}}],"collection":[{"href":"https:\/\/www.mofa-ye.org\/Pages\/wp-json\/wp\/v2\/posts"}],"about":[{"href":"https:\/\/www.mofa-ye.org\/Pages\/wp-json\/wp\/v2\/types\/post"}],"author":[{"embeddable":true,"href":"https:\/\/www.mofa-ye.org\/Pages\/wp-json\/wp\/v2\/users\/8"}],"replies":[{"embeddable":true,"href":"https:\/\/www.mofa-ye.org\/Pages\/wp-json\/wp\/v2\/comments?post=25816"}],"version-history":[{"count":1,"href":"https:\/\/www.mofa-ye.org\/Pages\/wp-json\/wp\/v2\/posts\/25816\/revisions"}],"predecessor-version":[{"id":25818,"href":"https:\/\/www.mofa-ye.org\/Pages\/wp-json\/wp\/v2\/posts\/25816\/revisions\/25818"}],"wp:featuredmedia":[{"embeddable":true,"href":"https:\/\/www.mofa-ye.org\/Pages\/wp-json\/wp\/v2\/media\/25817"}],"wp:attachment":[{"href":"https:\/\/www.mofa-ye.org\/Pages\/wp-json\/wp\/v2\/media?parent=25816"}],"wp:term":[{"taxonomy":"category","embeddable":true,"href":"https:\/\/www.mofa-ye.org\/Pages\/wp-json\/wp\/v2\/categories?post=25816"},{"taxonomy":"post_tag","embeddable":true,"href":"https:\/\/www.mofa-ye.org\/Pages\/wp-json\/wp\/v2\/tags?post=25816"}],"curies":[{"name":"wp","href":"https:\/\/api.w.org\/{rel}","templated":true}]}}